{"id":1379,"date":"2021-05-18T18:02:46","date_gmt":"2021-05-18T21:02:46","guid":{"rendered":"https:\/\/monitoreoareasprotegidas.net.ar\/map\/?p=1379"},"modified":"2024-07-31T11:18:37","modified_gmt":"2024-07-31T14:18:37","slug":"pedido-de-informe-de-la-legislatura-provincial-para-el-poder-ejecutivo-de-cordoba-por-la-situacion-de-sus-areas-protegidas","status":"publish","type":"post","link":"https:\/\/monitoreoareasprotegidas.net.ar\/map\/pedido-de-informe-de-la-legislatura-provincial-para-el-poder-ejecutivo-de-cordoba-por-la-situacion-de-sus-areas-protegidas\/","title":{"rendered":"Pedido de Informe de la Legislatura Provincial para el Poder Ejecutivo de C\u00f3rdoba por la situaci\u00f3n de sus \u00c1reas Protegidas."},"content":{"rendered":"\n<p class=\"has-text-align-justify justificar\">La Legisladora Luciana Echevarr\u00eda elev\u00f3 un Pedido de Informe, para que la Secretar\u00eda de Ambiente del Gobierno Provincial responda en 7 d\u00edas sobre distintos aspectos de la implementaci\u00f3n de la Ley 6964 de \u00c1reas Naturales C\u00f3rdoba, en funci\u00f3n de lo expuesto en el informe de la Plataforma MAP \u201cSituaci\u00f3n de las \u00c1reas Protegidas de la provincia de C\u00f3rdoba\u201d.<\/p>\n\n\n<div class=\"wp-block-image\">\n<figure class=\"aligncenter size-large\"><a href=\"https:\/\/monitoreoareasprotegidas.net.ar\/map\/wp-content\/uploads\/2021\/05\/IMGP4791-scaled.jpg\"><img loading=\"lazy\" decoding=\"async\" width=\"1024\" height=\"685\" src=\"https:\/\/monitoreoareasprotegidas.net.ar\/map\/wp-content\/uploads\/2021\/05\/IMGP4791-1024x685.jpg\" alt=\"\" class=\"wp-image-1380\" srcset=\"https:\/\/monitoreoareasprotegidas.net.ar\/map\/wp-content\/uploads\/2021\/05\/IMGP4791-1024x685.jpg 1024w, https:\/\/monitoreoareasprotegidas.net.ar\/map\/wp-content\/uploads\/2021\/05\/IMGP4791-300x201.jpg 300w, https:\/\/monitoreoareasprotegidas.net.ar\/map\/wp-content\/uploads\/2021\/05\/IMGP4791-768x514.jpg 768w, https:\/\/monitoreoareasprotegidas.net.ar\/map\/wp-content\/uploads\/2021\/05\/IMGP4791-1536x1028.jpg 1536w, https:\/\/monitoreoareasprotegidas.net.ar\/map\/wp-content\/uploads\/2021\/05\/IMGP4791-2048x1371.jpg 2048w\" sizes=\"auto, (max-width: 767px) 89vw, (max-width: 1000px) 54vw, (max-width: 1071px) 543px, 580px\" \/><\/a><figcaption class=\"wp-element-caption\">Reserva Natural de Fauna \u201cLaguna La Felipa\u201d. <em>Foto:  Cristian Schneider \/ACEN.<\/em><\/figcaption><\/figure>\n<\/div>\n\n\n<p class=\"has-text-align-justify justificar\">A partir de la preocupaci\u00f3n que despert\u00f3 en la Legisladora Provincial del Bloque MST en el FIT, el estado de abandono y desprotecci\u00f3n de las \u00c1reas Naturales que menciona el informe sobre la \u201cSituaci\u00f3n de las \u00c1reas Protegidas de la provincia de C\u00f3rdoba\u201d de ACEN a trav\u00e9s de Plataforma MAP <span class=\"has-inline-color has-black-color\">(<\/span><a href=\"https:\/\/drive.google.com\/file\/d\/1ZAm0K2G1qQIIXWPuRTnX16eZETjnoTWy\/view?usp=sharing\" data-type=\"URL\" data-id=\"https:\/\/drive.google.com\/file\/d\/1ZAm0K2G1qQIIXWPuRTnX16eZETjnoTWy\/view?usp=sharing\" target=\"_blank\" rel=\"noreferrer noopener\"><span class=\"has-inline-color has-vivid-cyan-blue-color\">link<\/span><\/a><span class=\"has-inline-color has-black-color\">),<\/span> la funcionaria present\u00f3 el Pedido de Informe N\u00ba 32.836 al Poder Ejecutivo Provincial, para que en el plazo de 7 d\u00edas, la Secretar\u00eda de Ambiente -Autoridad de Aplicaci\u00f3n de la Ley 6964-, brinde respuestas respecto a una enorme diversidad de temas a\u00fan pendientes a 38 a\u00f1os de su aprobaci\u00f3n.&nbsp;<\/p>\n\n\n\n<p class=\"has-text-align-justify justificar\">Entre los temas que deben ser informados, se solicita: la actual creaci\u00f3n o no del ente aut\u00e1rquico \u201cServicio Provincial de \u00c1reas Naturales\u201d,&nbsp; la situaci\u00f3n actual de la \u201cComisi\u00f3n cient\u00edfica de \u00c1reas Naturales\u201d y del \u201cCuerpo Provincial de Guardaparques\u201d, la infraestructura, equipamiento, asignaci\u00f3n presupuestaria y su ejecuci\u00f3n, para el ente y sus \u00c1reas Protegidas entre los a\u00f1os 2019 a 2021.<\/p>\n\n\n\n<p class=\"has-text-align-justify justificar\">A continuaci\u00f3n, el texto completo del Pedido de Informe emitido por la Legisladora (o descargalo desde <a rel=\"noreferrer noopener\" href=\"https:\/\/drive.google.com\/file\/d\/15L_Cnyf8anTQrankJRFXnwUB-JFXo9d_\/view?usp=sharing\" data-type=\"URL\" data-id=\"https:\/\/drive.google.com\/file\/d\/15L_Cnyf8anTQrankJRFXnwUB-JFXo9d_\/view?usp=sharing\" target=\"_blank\"><span class=\"has-inline-color has-vivid-cyan-blue-color\">aqu\u00ed<\/span><\/a>).<\/p>\n\n\n\n<p class=\"has-text-align-center\">LA LEGISLATURA DE LA PROVINCIA DE C\u00d3RDOBA<\/p>\n\n\n\n<p class=\"has-text-align-center\">RESUELVE<\/p>\n\n\n\n<p class=\"has-text-align-justify justificar\">Dirigirse al Poder Ejecutivo Provincial, en virtud de las facultades conferidas por el Art. 102 de la Constituci\u00f3n Provincial, para que a trav\u00e9s de la Secretar\u00eda de Ambiente, en el plazo de 7 (siete) d\u00edas, se sirva informar sobre distintos aspectos relacionados a la Ley 6964 \u201cR\u00e9gimen de conservaci\u00f3n de \u00c1reas Naturales y creaci\u00f3n del Servicio provincial de \u00c1reas Naturales\u201d :<\/p>\n\n\n\n<ol class=\"wp-block-list\">\n<li class=\"justificar\"><p align=\"justify\">Sobre el ente aut\u00e1rquico \u201cServicio provincial de \u00c1reas Naturales\u201d: a)- Informe si actualmente se encuentra constituido. b)- Para el caso afirmativo, informe qui\u00e9nes conforman el Directorio (Presidente y vocales), cu\u00e1ndo fueron designados y cu\u00e1les son sus antecedentes de formaci\u00f3n.\u00a0 c)- Para el caso de que no se haya constituido especifique las razones de tal demora considerando que se trata de una ley sancionada hace m\u00e1s de 38 a\u00f1os; informe qu\u00e9 \u00e1rea o repartici\u00f3n provincial cumple las funciones, atribuciones y deberes de dicho ente, especificando qui\u00e9nes son los funcionarios responsables a cargo, sus\u00a0 antecedentes de formaci\u00f3n y antiguedad en el cumplimineto de tales funciones.\u00a0\u00a0\u00a0\u00a0\u00a0<\/p><\/li>\n\n\n\n<li class=\"justificar\"><p align=\"justify\">Sobre la \u201cComisi\u00f3n cient\u00edfica de \u00c1reas Naturales\u201d: informe qui\u00e9nes la conforman, cu\u00e1les son sus antecedentes de formaci\u00f3n y cu\u00e1ndo fueron designados.<\/p><\/li>\n\n\n\n<li class=\"justificar\"><p align=\"justify\">Sobre el Cuerpo Provincial de Guardaparques: cual es la dotaci\u00f3n actual de Guardaparques para todo el territorio provincial, c\u00f3mo se encuentran distribuidos en las diferentes \u00e1reas naturales de la provincia y qu\u00e9 criterios orientan tal distribuci\u00f3n, qui\u00e9nes lo conforman, qu\u00e9 antecedentes de formaci\u00f3n tienen, bajo qu\u00e9 estatuto laboral se desempe\u00f1an, y bajo qu\u00e9 v\u00ednculo jur\u00eddico prestan labores para la administraci\u00f3n provincial (monotributo, contrato, planta permanente, etc.).<\/p><\/li>\n\n\n\n<li class=\"justificar\"><p align=\"justify\">Detalle la infraestructura con la que cuentan cada uno de los puestos de Guardaparque: edilicia, transporte (si tienen autom\u00f3viles espec\u00edficos, en tal caso cantidad y tipo), comunicaci\u00f3n, conectividad, seguridad, servicios, calefacci\u00f3n.\u00a0\u00a0\u00a0<\/p><\/li>\n\n\n\n<li class=\"justificar\"><p align=\"justify\">Especifique cu\u00e1l ha sido la asignaci\u00f3n presupuestaria para el ente \u201cServicio Provincial de \u00c1reas Naturales\u201d, \u2013 o para la repartici\u00f3n provincial que asuma tales funciones espec\u00edficas -, para los a\u00f1os 2018, 2019, 2020 y 2021. Cual ha sido la ejecuci\u00f3n de tal presupuesto en cada a\u00f1o y cu\u00e1nto se ha ejecutado del presupuesto 2021 al momento de contestar el presente informe.\u00a0\u00a0<\/p><\/li>\n<\/ol>\n\n\n\n<p class=\"has-text-align-center\">FUNDAMENTOS<\/p>\n\n\n\n<p class=\"has-text-align-justify justificar\">Si bien la provincia de C\u00f3rdoba declar\u00f3 de inter\u00e9s p\u00fablico la conservaci\u00f3n de los ambientes naturales y sus recursos a trav\u00e9s de la sanci\u00f3n de la ley 6964, y posee una enorme superficie dentro de diferentes figuras de protecci\u00f3n y conservaci\u00f3n, preocupa seriamente el estado de abandono y desprotecci\u00f3n de las \u00c1reas Naturales.&nbsp;<\/p>\n\n\n\n<p class=\"has-text-align-justify justificar\">Seg\u00fan public\u00f3 en su informe sobre la \u201cSituaci\u00f3n de las \u00c1reas protegidas de la provincia de C\u00f3rdoba\u201d la Asociaci\u00f3n para la conservaci\u00f3n y el estudio de la naturaleza en febrero de 2020, no est\u00e1 asegurado el m\u00ednimo estado de protecci\u00f3n, conservaci\u00f3n o manejo de las \u00c1reas protegidas, destacando especialmente la falta de financiamiento y de cumplimiento de diversos aspectos de la Ley 6964 a casi 40 a\u00f1os de su aprobaci\u00f3n.&nbsp;<\/p>\n\n\n\n<p class=\"has-text-align-justify justificar\">D\u00e9cadas de pol\u00edticas de destrucci\u00f3n ambiental para favorecer el desarrollismo inmobiliario, el agronegocio y la miner\u00eda, tienen como consecuencia la destrucci\u00f3n del 97% del monte nativo y un da\u00f1o irreparable para las generaciones futuras. Por eso, es indispensable la protecci\u00f3n del patrimonio natural de las y los cordobeses.&nbsp;<\/p>\n\n\n\n<p class=\"has-text-align-justify justificar\">Por eso, hoy m\u00e1s que nunca es fundamental el cuidado de las reservas naturales y priorizar a las personas que est\u00e1n a cargo del mismo, a tal fin solicito se brinde respuesta al presente pedido de informe.&nbsp;&nbsp;<\/p>\n\n\n\n<p class=\"has-text-align-right\">Legisladora Luciana Echevarr\u00eda<\/p>\n","protected":false},"excerpt":{"rendered":"<p>La Legisladora Luciana Echevarr\u00eda elev\u00f3 un Pedido de Informe, para que la Secretar\u00eda de Ambiente del Gobierno Provincial responda en 7 d\u00edas sobre distintos aspectos de la implementaci\u00f3n de la Ley 6964 de \u00c1reas Naturales C\u00f3rdoba, en funci\u00f3n de lo expuesto en el informe de la Plataforma MAP \u201cSituaci\u00f3n de las \u00c1reas Protegidas de la &hellip; <\/p>\n<p class=\"link-more\"><a href=\"https:\/\/monitoreoareasprotegidas.net.ar\/map\/pedido-de-informe-de-la-legislatura-provincial-para-el-poder-ejecutivo-de-cordoba-por-la-situacion-de-sus-areas-protegidas\/\" class=\"more-link\">Continuar leyendo<span class=\"screen-reader-text\"> \u00abPedido de Informe de la Legislatura Provincial para el Poder Ejecutivo de C\u00f3rdoba por la situaci\u00f3n de sus \u00c1reas Protegidas.\u00bb<\/span><\/a><\/p>\n","protected":false},"author":2,"featured_media":0,"comment_status":"open","ping_status":"open","sticky":false,"template":"","format":"standard","meta":{"_seopress_robots_primary_cat":"none","_seopress_titles_title":"","_seopress_titles_desc":"","_seopress_robots_index":"","_jetpack_memberships_contains_paid_content":false,"footnotes":""},"categories":[5,19],"tags":[8,12,30,14],"class_list":["post-1379","post","type-post","status-publish","format-standard","hentry","category-aps-provinciales","category-leyes","tag-cordoba","tag-implementacion","tag-leyes-2","tag-situacion"],"jetpack_featured_media_url":"","jetpack_sharing_enabled":true,"_links":{"self":[{"href":"https:\/\/monitoreoareasprotegidas.net.ar\/map\/wp-json\/wp\/v2\/posts\/1379","targetHints":{"allow":["GET"]}}],"collection":[{"href":"https:\/\/monitoreoareasprotegidas.net.ar\/map\/wp-json\/wp\/v2\/posts"}],"about":[{"href":"https:\/\/monitoreoareasprotegidas.net.ar\/map\/wp-json\/wp\/v2\/types\/post"}],"author":[{"embeddable":true,"href":"https:\/\/monitoreoareasprotegidas.net.ar\/map\/wp-json\/wp\/v2\/users\/2"}],"replies":[{"embeddable":true,"href":"https:\/\/monitoreoareasprotegidas.net.ar\/map\/wp-json\/wp\/v2\/comments?post=1379"}],"version-history":[{"count":8,"href":"https:\/\/monitoreoareasprotegidas.net.ar\/map\/wp-json\/wp\/v2\/posts\/1379\/revisions"}],"predecessor-version":[{"id":3176,"href":"https:\/\/monitoreoareasprotegidas.net.ar\/map\/wp-json\/wp\/v2\/posts\/1379\/revisions\/3176"}],"wp:attachment":[{"href":"https:\/\/monitoreoareasprotegidas.net.ar\/map\/wp-json\/wp\/v2\/media?parent=1379"}],"wp:term":[{"taxonomy":"category","embeddable":true,"href":"https:\/\/monitoreoareasprotegidas.net.ar\/map\/wp-json\/wp\/v2\/categories?post=1379"},{"taxonomy":"post_tag","embeddable":true,"href":"https:\/\/monitoreoareasprotegidas.net.ar\/map\/wp-json\/wp\/v2\/tags?post=1379"}],"curies":[{"name":"wp","href":"https:\/\/api.w.org\/{rel}","templated":true}]}}