{"id":1338,"date":"2021-04-23T20:19:35","date_gmt":"2021-04-23T23:19:35","guid":{"rendered":"https:\/\/monitoreoareasprotegidas.net.ar\/map\/?p=1338"},"modified":"2024-07-31T11:22:01","modified_gmt":"2024-07-31T14:22:01","slug":"cordoba-mas-de-4-millones-de-hectareas-protegidas-con-8-guardaparques-solo-un-25-son-mujeres","status":"publish","type":"post","link":"https:\/\/monitoreoareasprotegidas.net.ar\/map\/cordoba-mas-de-4-millones-de-hectareas-protegidas-con-8-guardaparques-solo-un-25-son-mujeres\/","title":{"rendered":"C\u00f3rdoba: m\u00e1s de 4 millones de hect\u00e1reas protegidas con 8 Guardaparques, s\u00f3lo un 25% son mujeres."},"content":{"rendered":"\n<p class=\"has-text-align-justify justificar\">C\u00f3rdoba es considerada la segunda provincia con mayor superficie protegida del pa\u00eds, pero con un exiguo cuerpo de guardaparques. <strong>La tarea de conservaci\u00f3n no escapa de estar en un contexto patriarcal y eso se vive dentro de los \u00e1mbitos de trabajo<\/strong>, pese a que cada vez son m\u00e1s mujeres las que cursan la carrera. <\/p>\n\n\n\n<p class=\"has-text-align-justify justificar\">Desde <strong>MAP<\/strong> hemos estado evidenciado la situaci\u00f3n de precariedad laboral y reducida representaci\u00f3n de g\u00e9nero en las \u00e1reas protegidas provinciales de C\u00f3rdoba. A continuaci\u00f3n transcribimos la nota generada por Miriam Campos para el <em>Diario La nueva Ma\u00f1ana<\/em>, en lineamiento con ello.<\/p>\n\n\n\n<p class=\"has-text-align-justify justificar\">En territorio solo trabajan ocho guardaparques, el resto son auxiliares y administrativos. La crisis laboral afecta tambi\u00e9n al total de los egresados de la carrera de guardaparque de la UPC, que desde 2015, ninguno pudo insertarse laboralmente en algunas de las 30 \u00e1reas protegidas de la Provincia.<\/p>\n\n\n\n<figure class=\"wp-block-image size-large\"><a href=\"https:\/\/monitoreoareasprotegidas.net.ar\/map\/wp-content\/uploads\/2021\/04\/ACEN-en-el-Chaco-Arido-6-PH-Jesica-Garcia-Molina-scaled.jpg\"><img loading=\"lazy\" decoding=\"async\" width=\"1024\" height=\"768\" src=\"https:\/\/monitoreoareasprotegidas.net.ar\/map\/wp-content\/uploads\/2021\/04\/ACEN-en-el-Chaco-Arido-6-PH-Jesica-Garcia-Molina-1024x768.jpg\" alt=\"\" class=\"wp-image-1341\" srcset=\"https:\/\/monitoreoareasprotegidas.net.ar\/map\/wp-content\/uploads\/2021\/04\/ACEN-en-el-Chaco-Arido-6-PH-Jesica-Garcia-Molina-1024x768.jpg 1024w, https:\/\/monitoreoareasprotegidas.net.ar\/map\/wp-content\/uploads\/2021\/04\/ACEN-en-el-Chaco-Arido-6-PH-Jesica-Garcia-Molina-300x225.jpg 300w, https:\/\/monitoreoareasprotegidas.net.ar\/map\/wp-content\/uploads\/2021\/04\/ACEN-en-el-Chaco-Arido-6-PH-Jesica-Garcia-Molina-768x576.jpg 768w, https:\/\/monitoreoareasprotegidas.net.ar\/map\/wp-content\/uploads\/2021\/04\/ACEN-en-el-Chaco-Arido-6-PH-Jesica-Garcia-Molina-1536x1152.jpg 1536w, https:\/\/monitoreoareasprotegidas.net.ar\/map\/wp-content\/uploads\/2021\/04\/ACEN-en-el-Chaco-Arido-6-PH-Jesica-Garcia-Molina-2048x1536.jpg 2048w\" sizes=\"auto, (max-width: 767px) 89vw, (max-width: 1000px) 54vw, (max-width: 1071px) 543px, 580px\" \/><\/a><figcaption class=\"wp-element-caption\">Casi el 95% de las hect\u00e1reas que necesitan conservaci\u00f3n; es decir, un total de 4.099.859, son gestionadas por la Provincia. Foto: gentileza J\u00e9sica Garc\u00eda Molina \/ACEN<\/figcaption><\/figure>\n\n\n\n<p class=\"has-text-align-justify justificar\"><strong>\u201cHay que rebuscarse\u201d, <\/strong>dice la guardaparque<strong> Manuela Duclo <\/strong>cuando habla de la inserci\u00f3n laboral en las \u00e1reas protegidas de C\u00f3rdoba. \u201cSi bien el perfil de la carrera es que seamos guardaparques en campo, tambi\u00e9n se abren posibilidades a otros tipos de trabajo, como la planificaci\u00f3n o los relevamientos. Se van utilizando ese tipo de herramientas y se van abriendo otros campos de trabajo, porque en la provincia de C\u00f3rdoba como guardaparque est\u00e1 muy dif\u00edcil.<strong> A veces, puede salir algo en las privadas o municipales, pero en la Provincia est\u00e1 s\u00faper cerrado ese camino. No hay una pol\u00edtica, ni intenci\u00f3n de generar eso<\/strong>\u201d, agrega.<\/p>\n\n\n\n<p class=\"has-text-align-justify justificar\">Duclo hace referencia a las 30 \u00e1reas protegidas (de un total de 89) que est\u00e1n bajo gesti\u00f3n del Gobierno provincial y que<strong> representan casi el 95% de las hect\u00e1reas que necesitan conservaci\u00f3n; es decir, un total de 4.099.859 hect\u00e1reas. <\/strong>Para toda esa superficie, el Personal de \u00c1reas protegidas est\u00e1 conformado por un total de solo 32 personas (corregido del texto original), de las que ocho son guardaparques y el resto auxiliares y administrativos. Del total de trabajadores, <strong>menos del 20% son mujeres, y las identidades disidentes no tienen representatividad.&nbsp;&nbsp;<\/strong>El resto de las zonas, de acuerdo al relevamiento del Monitoreo de \u00c1reas Protegidas (MAP), son gestionadas por Naci\u00f3n (3,6%), los municipios (1,3%) o por propietarios privados (0,3%), que con sus particularidades son los otros espacios donde las y los egresados de la Tecnicatura Universitaria en Guardaparque se las ingenian para trabajar. <strong>La carrera fue creada en 2015 en la Universidad Provincial (UPC) y este a\u00f1o, pese a que tendr\u00e1 ya su quinta cohorte, desde esa fecha nunca se abrieron convocatorias para incorporar a profesionales a las \u00e1reas protegidas de la Provincia.<\/strong><\/p>\n\n\n\n<figure class=\"wp-block-image size-large\"><a href=\"https:\/\/monitoreoareasprotegidas.net.ar\/map\/wp-content\/uploads\/2021\/04\/ACEN-en-el-Chaco-A\u0301rido-3-Foto-Cristian-Schneider-scaled.jpg\"><img loading=\"lazy\" decoding=\"async\" width=\"1024\" height=\"685\" src=\"https:\/\/monitoreoareasprotegidas.net.ar\/map\/wp-content\/uploads\/2021\/04\/ACEN-en-el-Chaco-A\u0301rido-3-Foto-Cristian-Schneider-1024x685.jpg\" alt=\"\" class=\"wp-image-1342\" srcset=\"https:\/\/monitoreoareasprotegidas.net.ar\/map\/wp-content\/uploads\/2021\/04\/ACEN-en-el-Chaco-A\u0301rido-3-Foto-Cristian-Schneider-1024x685.jpg 1024w, https:\/\/monitoreoareasprotegidas.net.ar\/map\/wp-content\/uploads\/2021\/04\/ACEN-en-el-Chaco-A\u0301rido-3-Foto-Cristian-Schneider-300x201.jpg 300w, https:\/\/monitoreoareasprotegidas.net.ar\/map\/wp-content\/uploads\/2021\/04\/ACEN-en-el-Chaco-A\u0301rido-3-Foto-Cristian-Schneider-768x514.jpg 768w, https:\/\/monitoreoareasprotegidas.net.ar\/map\/wp-content\/uploads\/2021\/04\/ACEN-en-el-Chaco-A\u0301rido-3-Foto-Cristian-Schneider-1536x1028.jpg 1536w, https:\/\/monitoreoareasprotegidas.net.ar\/map\/wp-content\/uploads\/2021\/04\/ACEN-en-el-Chaco-A\u0301rido-3-Foto-Cristian-Schneider-2048x1371.jpg 2048w\" sizes=\"auto, (max-width: 767px) 89vw, (max-width: 1000px) 54vw, (max-width: 1071px) 543px, 580px\" \/><\/a><figcaption class=\"wp-element-caption\">Las mujeres y las identidades disidentes son las m\u00e1s perjudicadas por la crisis laboral del sector tras egresarse en la Carrera de Guardaparque en C\u00f3rdoba. Foto: gentileza Cristian Schneider \/ ACEN<\/figcaption><\/figure>\n\n\n\n<h3 class=\"wp-block-heading\">Precarizaci\u00f3n<\/h3>\n\n\n\n<p class=\"has-text-align-justify justificar\">Las mujeres y las identidades disidentes son las m\u00e1s perjudicadas por la crisis laboral del sector. En esa l\u00ednea es que&nbsp;<strong>Roc\u00edo Cardona,<\/strong>&nbsp;tambi\u00e9n guardaparque y, junto a Duclo, integrantes de la Asociaci\u00f3n para la Conservaci\u00f3n y el Estudio de la Naturaleza (ACEN) que impuls\u00f3 el Monitoreo de \u00c1reas Protegidas, indica que&nbsp;<strong>la tarea de conservaci\u00f3n no escapa de estar en un contexto patriarcal&nbsp;<\/strong>y eso se vive dentro de los \u00e1mbitos de trabajo, pese a que cada vez son m\u00e1s mujeres las que cursan la carrera.&nbsp;<strong>\u201cHist\u00f3ricamente el rol de guardaparque se lo asoci\u00f3 a la figura del hombre Cis y a una serie de tareas que asocian normalmente con los varones\u201d<\/strong>, explica.<\/p>\n\n\n\n<p class=\"has-text-align-justify justificar\">\u201cNosotras tambi\u00e9n lo vemos en nuestros trabajos.&nbsp;<strong>Es dif\u00edcil encontrarse con identidades disidentes trabajando en los territorios porque tampoco hay inserci\u00f3n laboral para elles<\/strong>. Y como mujeres tambi\u00e9n lo vemos y lo sufrimos, por ejemplo, desde el lado de los visitantes que concurren a las \u00e1reas protegidas que, muchas veces, tienen todav\u00eda esa mirada de que el guardaparques es un hombre cis\u201d, relata Cardona y explica: \u201cPuede pasar que desautorizan o buscan la referencia del guardaparque var\u00f3n para validar lo que una les est\u00e1 diciendo.<strong>&nbsp;Son micro machismos que tambi\u00e9n pasan dentro del \u00e1mbito laboral y no escapan a la realidad patriarcal en la que vivimos\u00bb.<\/strong><\/p>\n\n\n\n<p class=\"has-text-align-justify justificar\">La guardaparque destaca que pese a la situaci\u00f3n percibe que el movimiento feminista tambi\u00e9n est\u00e1 llegando a estos lugares y estos espacios.<strong>&nbsp;\u201cVeo en algunos sistemas, sobre todo municipales que se est\u00e1 incorporando mujeres para trabajar como guardaparques y eso es muy valioso\u201d<\/strong>, cierra.<\/p>\n\n\n\n<figure class=\"wp-block-image size-large\"><a href=\"https:\/\/monitoreoareasprotegidas.net.ar\/map\/wp-content\/uploads\/2021\/04\/Brea-en-el-Parque-Natural-Provincial-y-Reserva-Forestal-Natural-Chancani\u0301-PH-Manuela-Duclo-scaled.jpg\"><img loading=\"lazy\" decoding=\"async\" width=\"1024\" height=\"683\" src=\"https:\/\/monitoreoareasprotegidas.net.ar\/map\/wp-content\/uploads\/2021\/04\/Brea-en-el-Parque-Natural-Provincial-y-Reserva-Forestal-Natural-Chancani\u0301-PH-Manuela-Duclo-1024x683.jpg\" alt=\"\" class=\"wp-image-1343\" srcset=\"https:\/\/monitoreoareasprotegidas.net.ar\/map\/wp-content\/uploads\/2021\/04\/Brea-en-el-Parque-Natural-Provincial-y-Reserva-Forestal-Natural-Chancani\u0301-PH-Manuela-Duclo-1024x683.jpg 1024w, https:\/\/monitoreoareasprotegidas.net.ar\/map\/wp-content\/uploads\/2021\/04\/Brea-en-el-Parque-Natural-Provincial-y-Reserva-Forestal-Natural-Chancani\u0301-PH-Manuela-Duclo-300x200.jpg 300w, https:\/\/monitoreoareasprotegidas.net.ar\/map\/wp-content\/uploads\/2021\/04\/Brea-en-el-Parque-Natural-Provincial-y-Reserva-Forestal-Natural-Chancani\u0301-PH-Manuela-Duclo-768x512.jpg 768w, https:\/\/monitoreoareasprotegidas.net.ar\/map\/wp-content\/uploads\/2021\/04\/Brea-en-el-Parque-Natural-Provincial-y-Reserva-Forestal-Natural-Chancani\u0301-PH-Manuela-Duclo-1536x1024.jpg 1536w, https:\/\/monitoreoareasprotegidas.net.ar\/map\/wp-content\/uploads\/2021\/04\/Brea-en-el-Parque-Natural-Provincial-y-Reserva-Forestal-Natural-Chancani\u0301-PH-Manuela-Duclo-2048x1365.jpg 2048w\" sizes=\"auto, (max-width: 767px) 89vw, (max-width: 1000px) 54vw, (max-width: 1071px) 543px, 580px\" \/><\/a><figcaption class=\"wp-element-caption\">C\u00f3rdoba es considerada la segunda provincia con mayor superficie protegida del pa\u00eds, pero con un exiguo Cuerpo de Guardaparques trabajando por la conservaci\u00f3n y el manejo sustentable de los ecosistemas. Foto: gentileza Manuela Duclo<\/figcaption><\/figure>\n\n\n\n<h3 class=\"wp-block-heading\">\u00c1reas sin implementaci\u00f3n&nbsp;<\/h3>\n\n\n\n<p class=\"has-text-align-justify justificar\">Seg\u00fan datos del Sistema Federal de \u00c1reas Protegidas (Sifap) con el 26% del total de superficie bajo alg\u00fan marco de gesti\u00f3n ambiental de protecci\u00f3n,<strong> C\u00f3rdoba es considerada la segunda provincia con mayor superficie protegida del pa\u00eds, pero con un exiguo cuerpo de guardaparques <\/strong>trabajando por la conservaci\u00f3n y el manejo sustentable de los ecosistemas que proveen servicios ambientales que son vitales. Hay trabajadores en campo, que a veces ni siquiera cuentan con presupuesto para cargar combustible al veh\u00edculo para hacer los recorridos.&nbsp;<\/p>\n\n\n\n<p class=\"has-text-align-justify justificar\">Para determinar si un \u00e1rea protegida se encuentra \u201cimplementada\u201d o en funcionamiento, existen metodolog\u00edas de uso nacional e internacional, que mediante indicadores pueden establecer en qu\u00e9 situaci\u00f3n se encuentran las zonas protegidas creadas bajo mecanismos legales.<\/p>\n\n\n\n<p class=\"has-text-align-justify justificar\">En ese marco, <strong>de acuerdo al relevamientos de MAP, las \u00e1reas protegidas administradas por el Gobierno de C\u00f3rdoba no llegan al nivel m\u00ednimo de implementaci\u00f3n o funcionamiento.<\/strong> \u201cPara el a\u00f1o 2019 ninguna de las zonas protegidas bajo responsabilidad del Gobierno provincia, lleg\u00f3 a cumplir el nivel m\u00e1s bajo de los 10 indicadores m\u00e1s b\u00e1sicos\u201d, donde se eval\u00faa, por ejemplo, si tienen personal a cargo, equipamiento, planificaci\u00f3n, destacamento, veh\u00edculo, entre otros. Por lo que <strong>ninguna se encontrar\u00eda implementada.<\/strong><\/p>\n\n\n\n<p class=\"has-text-align-justify justificar\">Seg\u00fan los datos, s\u00f3lo dos de ellas lograron el nivel de \u201ccercanas a implementarse m\u00ednimamente\u201d: la Reserva de Uso M\u00faltiple Ba\u00f1ados del R\u00edo Dulce y Laguna Mar Chiquita, y Reserva Tau (la cual es co-administrada con un municipio).&nbsp;<\/p>\n\n\n\n<figure class=\"wp-block-image size-large\"><a href=\"https:\/\/monitoreoareasprotegidas.net.ar\/map\/wp-content\/uploads\/2021\/04\/ACEN-en-el-Chaco-Arido-7-PH-Jesica-Garcia-Molina-1-scaled.jpg\"><img loading=\"lazy\" decoding=\"async\" width=\"1024\" height=\"768\" src=\"https:\/\/monitoreoareasprotegidas.net.ar\/map\/wp-content\/uploads\/2021\/04\/ACEN-en-el-Chaco-Arido-7-PH-Jesica-Garcia-Molina-1-1024x768.jpg\" alt=\"\" class=\"wp-image-1345\" srcset=\"https:\/\/monitoreoareasprotegidas.net.ar\/map\/wp-content\/uploads\/2021\/04\/ACEN-en-el-Chaco-Arido-7-PH-Jesica-Garcia-Molina-1-1024x768.jpg 1024w, https:\/\/monitoreoareasprotegidas.net.ar\/map\/wp-content\/uploads\/2021\/04\/ACEN-en-el-Chaco-Arido-7-PH-Jesica-Garcia-Molina-1-300x225.jpg 300w, https:\/\/monitoreoareasprotegidas.net.ar\/map\/wp-content\/uploads\/2021\/04\/ACEN-en-el-Chaco-Arido-7-PH-Jesica-Garcia-Molina-1-768x576.jpg 768w, https:\/\/monitoreoareasprotegidas.net.ar\/map\/wp-content\/uploads\/2021\/04\/ACEN-en-el-Chaco-Arido-7-PH-Jesica-Garcia-Molina-1-1536x1152.jpg 1536w, https:\/\/monitoreoareasprotegidas.net.ar\/map\/wp-content\/uploads\/2021\/04\/ACEN-en-el-Chaco-Arido-7-PH-Jesica-Garcia-Molina-1-2048x1536.jpg 2048w\" sizes=\"auto, (max-width: 767px) 89vw, (max-width: 1000px) 54vw, (max-width: 1071px) 543px, 580px\" \/><\/a><figcaption class=\"wp-element-caption\">\u201cEs importante atender la conservaci\u00f3n de las \u00e1reas porque puede pasar cualquier cosa en esos territorios sin guardaparques que quedan desprotegidos\u201d, dice la guadaparque Roc\u00edo Cardona. Foto: Gentileza ACEN<\/figcaption><\/figure>\n\n\n\n<h3 class=\"wp-block-heading\">Proteger el ambiente y revalorizar el trabajo<\/h3>\n\n\n\n<p class=\"has-text-align-justify justificar\">\u201cYo soy del campo, nac\u00ed en el campo, siempre necesit\u00e9 ese contacto con la naturaleza, y cuando fui creciendo me di cuenta de un mont\u00f3n de problem\u00e1ticas o falencias donde si uno no pone el pecho ah\u00ed, a veces no hay otras personas que lo hagan\u201d, cuenta Duclo, que naci\u00f3 en Colonia Caroya pero vivi\u00f3 toda su vida en San Jos\u00e9 de la Dormida, al norte cordob\u00e9s, y por ello destaca:<strong>&nbsp;\u201cHay muchas personas que creen que porque se declare reserva una zona, est\u00e1 siempre cuidada y esto en la pr\u00e1ctica no es as\u00ed, es mucho m\u00e1s complejo y se necesita de muchas m\u00e1s cosas para que realmente se conserven ciertos espacios\u201d.<\/strong><\/p>\n\n\n\n<p class=\"has-text-align-justify justificar\">En esa l\u00ednea, Cardona, agrega: \u201cEs importante atender la conservaci\u00f3n de las \u00e1reas porque puede pasar cualquier cosa en esos territorios sin guardaparques que quedan desprotegidos\u201d.&nbsp;<\/p>\n\n\n\n<p class=\"has-text-align-justify justificar\">\u201cDe hecho, actualmente, el proyecto de la Autov\u00eda de Punilla, que pasa por una de las \u00e1reas protegidas, est\u00e1 sin personal ni presupuesto y no se ha implementado nada\u201d, dice Cardona y agrega:<strong>&nbsp;\u201cResponde a la misma l\u00f3gica de desprotecci\u00f3n del ambiente\u201d.<\/strong><\/p>\n\n\n\n<figure class=\"wp-block-image size-large\"><a href=\"https:\/\/monitoreoareasprotegidas.net.ar\/map\/wp-content\/uploads\/2021\/04\/ACEN-en-el-Chaco-Arido-3-PH-Jesica-Garcia-Molina-scaled.jpg\"><img loading=\"lazy\" decoding=\"async\" width=\"1024\" height=\"768\" src=\"https:\/\/monitoreoareasprotegidas.net.ar\/map\/wp-content\/uploads\/2021\/04\/ACEN-en-el-Chaco-Arido-3-PH-Jesica-Garcia-Molina-1024x768.jpg\" alt=\"\" class=\"wp-image-1346\" srcset=\"https:\/\/monitoreoareasprotegidas.net.ar\/map\/wp-content\/uploads\/2021\/04\/ACEN-en-el-Chaco-Arido-3-PH-Jesica-Garcia-Molina-1024x768.jpg 1024w, https:\/\/monitoreoareasprotegidas.net.ar\/map\/wp-content\/uploads\/2021\/04\/ACEN-en-el-Chaco-Arido-3-PH-Jesica-Garcia-Molina-300x225.jpg 300w, https:\/\/monitoreoareasprotegidas.net.ar\/map\/wp-content\/uploads\/2021\/04\/ACEN-en-el-Chaco-Arido-3-PH-Jesica-Garcia-Molina-768x576.jpg 768w, https:\/\/monitoreoareasprotegidas.net.ar\/map\/wp-content\/uploads\/2021\/04\/ACEN-en-el-Chaco-Arido-3-PH-Jesica-Garcia-Molina-1536x1152.jpg 1536w, https:\/\/monitoreoareasprotegidas.net.ar\/map\/wp-content\/uploads\/2021\/04\/ACEN-en-el-Chaco-Arido-3-PH-Jesica-Garcia-Molina-2048x1536.jpg 2048w\" sizes=\"auto, (max-width: 767px) 89vw, (max-width: 1000px) 54vw, (max-width: 1071px) 543px, 580px\" \/><\/a><figcaption class=\"wp-element-caption\"><em>\u00abMuchas personas que creen que porque se declare reserva una zona, est\u00e1 siempre cuidada y esto en la pr\u00e1ctica no es as\u00ed, es mucho m\u00e1s complejo\u00bb, indica Manuela Duclo,&nbsp; quien trabaja en la Reserva Natural de la Defensa Ascochinga. Foto: gentileza Jesica Garc\u00eda Molina.<\/em><\/figcaption><\/figure>\n\n\n\n<p class=\"has-text-align-justify justificar\">Ambas guardaparques trabajan en la<strong>&nbsp;Reserva Natural de la Defensa Ascochinga<\/strong>, tarea que realizan en colaboraci\u00f3n con las autoridades de la reserva que tiene gesti\u00f3n de la Naci\u00f3n. \u201cTenemos un acuerdo y buena relaci\u00f3n para poder trabajar en lo que es el uso p\u00fablico, pero las dificultades en general pasan por no tener presupuesto\u201d, dice Cardona y detalla que la situaci\u00f3n complica toda la log\u00edstica: lo que es el transporte, las herramientas, todo lo que hace al trabajo de guardaparques.<strong>&nbsp;La retribuci\u00f3n econ\u00f3mica les llega a trav\u00e9s del bono voluntario que compran los visitantes de la reserva y que a finales de la temporada, como ahora, empieza a ser cada vez menos.&nbsp;<\/strong><\/p>\n\n\n\n<p class=\"has-text-align-justify justificar\">Cardona tiene 25 a\u00f1os, se recibi\u00f3 en la UPC en 2018 y si uno le pregunta por qu\u00e9 quiso ser guardaparque, responde: \u201cSiempre tuve una sensibilidad con la naturaleza en general &nbsp;y&nbsp;<strong>me parece que atravesamos un momento hist\u00f3rico en relaci\u00f3n a lo que estamos haciendo con nuestros ecosistemas que requiere que haya gente que quiera proteger los ecosistemas<\/strong>. Siempre sent\u00ed esa necesidad de estar en ese lugar\u201d.<\/p>\n\n\n\n<p class=\"has-text-align-justify justificar\">\u201cPese a todo, el trabajo de guardaparque es una profesi\u00f3n muy linda. Hay muchas cosas, aristas para trabajar. El contacto con la gente y la cuesti\u00f3n ambiental, es una cosa que personalmente a mi me interesa mucho\u201d, subraya la joven y agrega: \u201cEs sumamente importante que se priorice la conservaci\u00f3n de las \u00e1reas protegidas que ya tenemos porque ah\u00ed,&nbsp;<strong>hay valores de conservaci\u00f3n muy importante, tanto por el valor inherente que tienen por su ecosistemas como para las comunidades que dependemos de ellos\u201d.<\/strong><\/p>\n\n\n\n<p>Texto: Miriam Campos \/ La nueva Ma\u00f1ana<\/p>\n\n\n\n<p>Publicaci\u00f3n 23\/04\/2021: <a href=\"https:\/\/bityl.co\/6W56\" target=\"_blank\" rel=\"noreferrer noopener\">https:\/\/bityl.co\/6W56<\/a><\/p>\n","protected":false},"excerpt":{"rendered":"<p>C\u00f3rdoba es considerada la segunda provincia con mayor superficie protegida del pa\u00eds, pero con un exiguo cuerpo de guardaparques. La tarea de conservaci\u00f3n no escapa de estar en un contexto patriarcal y eso se vive dentro de los \u00e1mbitos de trabajo, pese a que cada vez son m\u00e1s mujeres las que cursan la carrera. Desde &hellip; <\/p>\n<p class=\"link-more\"><a href=\"https:\/\/monitoreoareasprotegidas.net.ar\/map\/cordoba-mas-de-4-millones-de-hectareas-protegidas-con-8-guardaparques-solo-un-25-son-mujeres\/\" class=\"more-link\">Continuar leyendo<span class=\"screen-reader-text\"> \u00abC\u00f3rdoba: m\u00e1s de 4 millones de hect\u00e1reas protegidas con 8 Guardaparques, s\u00f3lo un 25% son mujeres.\u00bb<\/span><\/a><\/p>\n","protected":false},"author":2,"featured_media":0,"comment_status":"open","ping_status":"open","sticky":false,"template":"","format":"standard","meta":{"_seopress_robots_primary_cat":"none","_seopress_titles_title":"","_seopress_titles_desc":"","_seopress_robots_index":"","_jetpack_memberships_contains_paid_content":false,"footnotes":""},"categories":[5,27],"tags":[8,26,28,12,14],"class_list":["post-1338","post","type-post","status-publish","format-standard","hentry","category-aps-provinciales","category-notas-en-medios","tag-cordoba","tag-genero","tag-guardaparques","tag-implementacion","tag-situacion"],"jetpack_featured_media_url":"","jetpack_sharing_enabled":true,"_links":{"self":[{"href":"https:\/\/monitoreoareasprotegidas.net.ar\/map\/wp-json\/wp\/v2\/posts\/1338","targetHints":{"allow":["GET"]}}],"collection":[{"href":"https:\/\/monitoreoareasprotegidas.net.ar\/map\/wp-json\/wp\/v2\/posts"}],"about":[{"href":"https:\/\/monitoreoareasprotegidas.net.ar\/map\/wp-json\/wp\/v2\/types\/post"}],"author":[{"embeddable":true,"href":"https:\/\/monitoreoareasprotegidas.net.ar\/map\/wp-json\/wp\/v2\/users\/2"}],"replies":[{"embeddable":true,"href":"https:\/\/monitoreoareasprotegidas.net.ar\/map\/wp-json\/wp\/v2\/comments?post=1338"}],"version-history":[{"count":13,"href":"https:\/\/monitoreoareasprotegidas.net.ar\/map\/wp-json\/wp\/v2\/posts\/1338\/revisions"}],"predecessor-version":[{"id":3178,"href":"https:\/\/monitoreoareasprotegidas.net.ar\/map\/wp-json\/wp\/v2\/posts\/1338\/revisions\/3178"}],"wp:attachment":[{"href":"https:\/\/monitoreoareasprotegidas.net.ar\/map\/wp-json\/wp\/v2\/media?parent=1338"}],"wp:term":[{"taxonomy":"category","embeddable":true,"href":"https:\/\/monitoreoareasprotegidas.net.ar\/map\/wp-json\/wp\/v2\/categories?post=1338"},{"taxonomy":"post_tag","embeddable":true,"href":"https:\/\/monitoreoareasprotegidas.net.ar\/map\/wp-json\/wp\/v2\/tags?post=1338"}],"curies":[{"name":"wp","href":"https:\/\/api.w.org\/{rel}","templated":true}]}}